{"id":1412,"date":"2022-06-08T10:06:20","date_gmt":"2022-06-08T10:06:20","guid":{"rendered":"https:\/\/www.voracys.com\/?p=1412"},"modified":"2026-04-07T09:35:47","modified_gmt":"2026-04-07T09:35:47","slug":"remodelacion-sala-plenos-ayuntamiento-sant-cugat","status":"publish","type":"post","link":"https:\/\/www.voracys.com\/en\/remodelacion-sala-plenos-ayuntamiento-sant-cugat\/","title":{"rendered":"Remodelaci\u00f3n de la Sala de Plenos del Ayuntamiento de Sant Cugat | VORACYS"},"content":{"rendered":"<div data-elementor-type=\"wp-post\" data-elementor-id=\"1412\" class=\"elementor elementor-1412\" data-elementor-post-type=\"post\">\n\t\t\t\t\t\t<section class=\"elementor-section elementor-top-section elementor-element elementor-element-29dce7e3 elementor-section-boxed elementor-section-height-default elementor-section-height-default\" data-id=\"29dce7e3\" data-element_type=\"section\" data-e-type=\"section\">\n\t\t\t\t\t\t<div class=\"elementor-container elementor-column-gap-default\">\n\t\t\t\t\t<div class=\"elementor-column elementor-col-100 elementor-top-column elementor-element elementor-element-37702d66\" data-id=\"37702d66\" data-element_type=\"column\" data-e-type=\"column\">\n\t\t\t<div class=\"elementor-widget-wrap elementor-element-populated\">\n\t\t\t\t\t\t<div class=\"elementor-element elementor-element-64ce9d6d elementor-widget elementor-widget-text-editor\" data-id=\"64ce9d6d\" data-element_type=\"widget\" data-e-type=\"widget\" data-widget_type=\"text-editor.default\">\n\t\t\t\t<div class=\"elementor-widget-container\">\n\t\t\t\t\t\t\t\t\t\n<h2 data-section-id=\"1ir32k9\" data-start=\"141\" data-end=\"223\">Remodelaci\u00f3n de la Sala de Plenos del Ayuntamiento de Sant Cugat del Vall\u00e8s<\/h2>\n<p data-start=\"225\" data-end=\"464\">VORACYS llevar\u00e1 a cabo la <strong data-start=\"251\" data-end=\"330\">remodelaci\u00f3n de la Sala de Plenos del Ayuntamiento de Sant Cugat del Vall\u00e8s<\/strong>, un proyecto clave orientado a modernizar este espacio institucional y adaptarlo a las nuevas necesidades funcionales y tecnol\u00f3gicas.<\/p>\n<p data-start=\"466\" data-end=\"853\">La actuaci\u00f3n responde a la necesidad de ampliar la capacidad de la sala, incorporando nuevos espacios anexos que permitir\u00e1n mejorar su uso y versatilidad. Adem\u00e1s, el proyecto contempla una reorganizaci\u00f3n completa de la distribuci\u00f3n interior, con el objetivo de optimizar la funcionalidad y mejorar la experiencia de uso tanto para los representantes institucionales como para el p\u00fablico.<\/p>\n<hr data-start=\"855\" data-end=\"858\" \/>\n<h2 data-section-id=\"1sne6tv\" data-start=\"860\" data-end=\"913\">Ampliaci\u00f3n y mejora de espacios institucionales<\/h2>\n<p data-start=\"915\" data-end=\"1166\">El proyecto de <strong data-start=\"930\" data-end=\"987\">reforma de la Sala de Plenos en Sant Cugat del Vall\u00e8s<\/strong> incluye la integraci\u00f3n de salas anexas, lo que permitir\u00e1 ampliar el espacio disponible y dotarlo de mayor flexibilidad para diferentes tipos de eventos y actividades municipales.<\/p>\n<p data-start=\"1168\" data-end=\"1455\">Asimismo, se llevar\u00e1 a cabo la adaptaci\u00f3n de las instalaciones actuales, incorporando soluciones t\u00e9cnicas m\u00e1s eficientes y actualizadas. Estas mejoras permitir\u00e1n modernizar el espacio, garantizando un funcionamiento m\u00e1s eficiente y acorde a los est\u00e1ndares actuales de edificios p\u00fablicos.<\/p>\n<hr data-start=\"1457\" data-end=\"1460\" \/>\n<h2 data-section-id=\"1u9hnx8\" data-start=\"1462\" data-end=\"1514\">Reforma sostenible y de bajo impacto ambiental<\/h2>\n<p data-start=\"1516\" data-end=\"1846\">Uno de los aspectos m\u00e1s destacados de esta <strong data-start=\"1559\" data-end=\"1627\">remodelaci\u00f3n de la Sala de Plenos del Ayuntamiento de Sant Cugat<\/strong> es su enfoque en la sostenibilidad. El proyecto apuesta por sistemas constructivos de bajo impacto ambiental, priorizando materiales y soluciones que reduzcan el consumo energ\u00e9tico y mejoren la eficiencia del edificio.<\/p>\n<p data-start=\"1848\" data-end=\"2009\">Adem\u00e1s, se trabajar\u00e1 en la mejora est\u00e9tica del espacio, creando un entorno m\u00e1s moderno, funcional y representativo para la actividad institucional del municipio.<\/p>\n<hr data-start=\"2011\" data-end=\"2014\" \/>\n<h2 data-section-id=\"1l280nl\" data-start=\"2016\" data-end=\"2083\">Modernizaci\u00f3n de edificios p\u00fablicos en Sant Cugat del Vall\u00e8s<\/h2>\n<p data-start=\"2085\" data-end=\"2325\">Con esta <strong data-start=\"2094\" data-end=\"2151\">reforma de la Sala de Plenos en Sant Cugat del Vall\u00e8s<\/strong>, VORACYS refuerza su posicionamiento como empresa constructora especializada en proyectos de edificaci\u00f3n p\u00fablica, rehabilitaci\u00f3n y modernizaci\u00f3n de espacios institucionales.<\/p>\n<p data-start=\"2327\" data-end=\"2535\">Este proyecto contribuye a mejorar la calidad de los equipamientos municipales, apostando por espacios m\u00e1s eficientes, sostenibles y adaptados a las necesidades actuales.<\/p>\n\n<p>\u00a0<\/p>\n\t\t\t\t\t\t\t\t<\/div>\n\t\t\t\t<\/div>\n\t\t\t\t\t<\/div>\n\t\t<\/div>\n\t\t\t\t\t<\/div>\n\t\t<\/section>\n\t\t\t\t<\/div>","protected":false},"excerpt":{"rendered":"<p>Remodelaci\u00f3n de la Sala de Plenos del Ayuntamiento de Sant Cugat con ampliaci\u00f3n del espacio, reorganizaci\u00f3n interior y modernizaci\u00f3n de instalaciones con enfoque sostenible.<\/p>","protected":false},"author":1,"featured_media":2066,"comment_status":"open","ping_status":"closed","sticky":false,"template":"","format":"standard","meta":{"footnotes":""},"categories":[26,46],"tags":[],"class_list":["post-1412","post","type-post","status-publish","format-standard","has-post-thumbnail","hentry","category-noticias","category-proyectos-noticias"],"yoast_head":"<!-- This site is optimized with the Yoast SEO plugin v27.2 - https:\/\/yoast.com\/product\/yoast-seo-wordpress\/ -->\n<title>Remodelaci\u00f3n de la Sala de Plenos de Sant Cugat | VORACYS | Empresa Constructora | Obra P\u00fablica y Privada<\/title>\n<meta name=\"description\" content=\"Remodelaci\u00f3n de la Sala de Plenos del Ayuntamiento de Sant Cugat del Vall\u00e8s con ampliaci\u00f3n de espacios y enfoque sostenible.\" \/>\n<meta name=\"robots\" content=\"index, follow, max-snippet:-1, max-image-preview:large, max-video-preview:-1\" \/>\n<link rel=\"canonical\" href=\"https:\/\/www.voracys.com\/en\/remodelacion-sala-plenos-ayuntamiento-sant-cugat\/\" \/>\n<meta property=\"og:locale\" content=\"en_GB\" \/>\n<meta property=\"og:type\" content=\"article\" \/>\n<meta property=\"og:title\" content=\"Remodelaci\u00f3n de la Sala de Plenos de Sant Cugat | VORACYS | Empresa Constructora | Obra P\u00fablica y Privada\" \/>\n<meta property=\"og:description\" content=\"Remodelaci\u00f3n de la Sala de Plenos del Ayuntamiento de Sant Cugat del Vall\u00e8s con ampliaci\u00f3n de espacios y enfoque sostenible.\" \/>\n<meta property=\"og:url\" content=\"https:\/\/www.voracys.com\/en\/remodelacion-sala-plenos-ayuntamiento-sant-cugat\/\" \/>\n<meta property=\"og:site_name\" content=\"VORACYS | Empresa Constructora | Obra P\u00fablica y Privada\" \/>\n<meta property=\"article:published_time\" content=\"2022-06-08T10:06:20+00:00\" \/>\n<meta property=\"article:modified_time\" content=\"2026-04-07T09:35:47+00:00\" \/>\n<meta property=\"og:image\" content=\"https:\/\/www.voracys.com\/wp-content\/uploads\/2022\/07\/noticia6.jpg\" \/>\n\t<meta property=\"og:image:width\" content=\"709\" \/>\n\t<meta property=\"og:image:height\" content=\"479\" \/>\n\t<meta property=\"og:image:type\" content=\"image\/jpeg\" \/>\n<meta name=\"author\" content=\"Adm_8m\" \/>\n<meta name=\"twitter:card\" content=\"summary_large_image\" \/>\n<meta name=\"twitter:label1\" content=\"Written by\" \/>\n\t<meta name=\"twitter:data1\" content=\"Adm_8m\" \/>\n\t<meta name=\"twitter:label2\" content=\"Estimated reading time\" \/>\n\t<meta name=\"twitter:data2\" content=\"2 minutes\" \/>\n<script type=\"application\/ld+json\" class=\"yoast-schema-graph\">{\"@context\":\"https:\/\/schema.org\",\"@graph\":[{\"@type\":\"Article\",\"@id\":\"https:\/\/www.voracys.com\/remodelacion-sala-plenos-ayuntamiento-sant-cugat\/#article\",\"isPartOf\":{\"@id\":\"https:\/\/www.voracys.com\/remodelacion-sala-plenos-ayuntamiento-sant-cugat\/\"},\"author\":{\"name\":\"Adm_8m\",\"@id\":\"https:\/\/www.voracys.com\/#\/schema\/person\/99d918a7877f0cb75287cbc631b85be3\"},\"headline\":\"Remodelaci\u00f3n de la Sala de Plenos del Ayuntamiento de Sant Cugat | VORACYS\",\"datePublished\":\"2022-06-08T10:06:20+00:00\",\"dateModified\":\"2026-04-07T09:35:47+00:00\",\"mainEntityOfPage\":{\"@id\":\"https:\/\/www.voracys.com\/remodelacion-sala-plenos-ayuntamiento-sant-cugat\/\"},\"wordCount\":383,\"commentCount\":0,\"publisher\":{\"@id\":\"https:\/\/www.voracys.com\/#organization\"},\"image\":{\"@id\":\"https:\/\/www.voracys.com\/remodelacion-sala-plenos-ayuntamiento-sant-cugat\/#primaryimage\"},\"thumbnailUrl\":\"https:\/\/www.voracys.com\/wp-content\/uploads\/2022\/07\/noticia6.jpg\",\"articleSection\":[\"Noticias\",\"Proyectos\"],\"inLanguage\":\"en-GB\",\"potentialAction\":[{\"@type\":\"CommentAction\",\"name\":\"Comment\",\"target\":[\"https:\/\/www.voracys.com\/remodelacion-sala-plenos-ayuntamiento-sant-cugat\/#respond\"]}]},{\"@type\":\"WebPage\",\"@id\":\"https:\/\/www.voracys.com\/remodelacion-sala-plenos-ayuntamiento-sant-cugat\/\",\"url\":\"https:\/\/www.voracys.com\/remodelacion-sala-plenos-ayuntamiento-sant-cugat\/\",\"name\":\"Remodelaci\u00f3n de la Sala de Plenos de Sant Cugat | VORACYS | Empresa Constructora | Obra P\u00fablica y Privada\",\"isPartOf\":{\"@id\":\"https:\/\/www.voracys.com\/#website\"},\"primaryImageOfPage\":{\"@id\":\"https:\/\/www.voracys.com\/remodelacion-sala-plenos-ayuntamiento-sant-cugat\/#primaryimage\"},\"image\":{\"@id\":\"https:\/\/www.voracys.com\/remodelacion-sala-plenos-ayuntamiento-sant-cugat\/#primaryimage\"},\"thumbnailUrl\":\"https:\/\/www.voracys.com\/wp-content\/uploads\/2022\/07\/noticia6.jpg\",\"datePublished\":\"2022-06-08T10:06:20+00:00\",\"dateModified\":\"2026-04-07T09:35:47+00:00\",\"description\":\"Remodelaci\u00f3n de la Sala de Plenos del Ayuntamiento de Sant Cugat del Vall\u00e8s con ampliaci\u00f3n de espacios y enfoque sostenible.\",\"breadcrumb\":{\"@id\":\"https:\/\/www.voracys.com\/remodelacion-sala-plenos-ayuntamiento-sant-cugat\/#breadcrumb\"},\"inLanguage\":\"en-GB\",\"potentialAction\":[{\"@type\":\"ReadAction\",\"target\":[\"https:\/\/www.voracys.com\/remodelacion-sala-plenos-ayuntamiento-sant-cugat\/\"]}]},{\"@type\":\"ImageObject\",\"inLanguage\":\"en-GB\",\"@id\":\"https:\/\/www.voracys.com\/remodelacion-sala-plenos-ayuntamiento-sant-cugat\/#primaryimage\",\"url\":\"https:\/\/www.voracys.com\/wp-content\/uploads\/2022\/07\/noticia6.jpg\",\"contentUrl\":\"https:\/\/www.voracys.com\/wp-content\/uploads\/2022\/07\/noticia6.jpg\",\"width\":709,\"height\":479},{\"@type\":\"BreadcrumbList\",\"@id\":\"https:\/\/www.voracys.com\/remodelacion-sala-plenos-ayuntamiento-sant-cugat\/#breadcrumb\",\"itemListElement\":[{\"@type\":\"ListItem\",\"position\":1,\"name\":\"Portada\",\"item\":\"https:\/\/www.voracys.com\/\"},{\"@type\":\"ListItem\",\"position\":2,\"name\":\"Remodelaci\u00f3n de la Sala de Plenos del Ayuntamiento de Sant Cugat | VORACYS\"}]},{\"@type\":\"WebSite\",\"@id\":\"https:\/\/www.voracys.com\/#website\",\"url\":\"https:\/\/www.voracys.com\/\",\"name\":\"VORACYS | Empresa Constructora | Obra P\u00fablica y Privada\",\"description\":\"Construcciones y servicios\",\"publisher\":{\"@id\":\"https:\/\/www.voracys.com\/#organization\"},\"alternateName\":\"VORACYS - Empresa Constructora\",\"potentialAction\":[{\"@type\":\"SearchAction\",\"target\":{\"@type\":\"EntryPoint\",\"urlTemplate\":\"https:\/\/www.voracys.com\/?s={search_term_string}\"},\"query-input\":{\"@type\":\"PropertyValueSpecification\",\"valueRequired\":true,\"valueName\":\"search_term_string\"}}],\"inLanguage\":\"en-GB\"},{\"@type\":\"Organization\",\"@id\":\"https:\/\/www.voracys.com\/#organization\",\"name\":\"VORACYS - Empresa Constructora\",\"alternateName\":\"VORACYS - Empresa de Construcci\u00f3n de Viviendas, Residencias, Oficinas, Plurifamiliar,\",\"url\":\"https:\/\/www.voracys.com\/\",\"logo\":{\"@type\":\"ImageObject\",\"inLanguage\":\"en-GB\",\"@id\":\"https:\/\/www.voracys.com\/#\/schema\/logo\/image\/\",\"url\":\"https:\/\/www.voracys.com\/wp-content\/uploads\/2022\/05\/Voracys_Logotipo.png\",\"contentUrl\":\"https:\/\/www.voracys.com\/wp-content\/uploads\/2022\/05\/Voracys_Logotipo.png\",\"width\":547,\"height\":97,\"caption\":\"VORACYS - Empresa Constructora\"},\"image\":{\"@id\":\"https:\/\/www.voracys.com\/#\/schema\/logo\/image\/\"},\"sameAs\":[\"https:\/\/www.linkedin.com\/company\/voracys-construcciones-y-servicios\/\",\"https:\/\/www.instagram.com\/voracys_s.l\"]},{\"@type\":\"Person\",\"@id\":\"https:\/\/www.voracys.com\/#\/schema\/person\/99d918a7877f0cb75287cbc631b85be3\",\"name\":\"Adm_8m\",\"image\":{\"@type\":\"ImageObject\",\"inLanguage\":\"en-GB\",\"@id\":\"https:\/\/secure.gravatar.com\/avatar\/11fe57dffc21c6665605d33c13a7c86c23530566b9e170d11685ce005d7fc7c4?s=96&d=mm&r=g\",\"url\":\"https:\/\/secure.gravatar.com\/avatar\/11fe57dffc21c6665605d33c13a7c86c23530566b9e170d11685ce005d7fc7c4?s=96&d=mm&r=g\",\"contentUrl\":\"https:\/\/secure.gravatar.com\/avatar\/11fe57dffc21c6665605d33c13a7c86c23530566b9e170d11685ce005d7fc7c4?s=96&d=mm&r=g\",\"caption\":\"Adm_8m\"},\"sameAs\":[\"https:\/\/www.voracys.com\"],\"url\":\"https:\/\/www.voracys.com\/en\/author\/adm_8m\/\"}]}<\/script>\n<!-- \/ Yoast SEO plugin. -->","yoast_head_json":{"title":"Remodelaci\u00f3n de la Sala de Plenos de Sant Cugat | VORACYS | Empresa Constructora | Obra P\u00fablica y Privada","description":"Remodelaci\u00f3n de la Sala de Plenos del Ayuntamiento de Sant Cugat del Vall\u00e8s con ampliaci\u00f3n de espacios y enfoque sostenible.","robots":{"index":"index","follow":"follow","max-snippet":"max-snippet:-1","max-image-preview":"max-image-preview:large","max-video-preview":"max-video-preview:-1"},"canonical":"https:\/\/www.voracys.com\/en\/remodelacion-sala-plenos-ayuntamiento-sant-cugat\/","og_locale":"en_GB","og_type":"article","og_title":"Remodelaci\u00f3n de la Sala de Plenos de Sant Cugat | VORACYS | Empresa Constructora | Obra P\u00fablica y Privada","og_description":"Remodelaci\u00f3n de la Sala de Plenos del Ayuntamiento de Sant Cugat del Vall\u00e8s con ampliaci\u00f3n de espacios y enfoque sostenible.","og_url":"https:\/\/www.voracys.com\/en\/remodelacion-sala-plenos-ayuntamiento-sant-cugat\/","og_site_name":"VORACYS | Empresa Constructora | Obra P\u00fablica y Privada","article_published_time":"2022-06-08T10:06:20+00:00","article_modified_time":"2026-04-07T09:35:47+00:00","og_image":[{"width":709,"height":479,"url":"https:\/\/www.voracys.com\/wp-content\/uploads\/2022\/07\/noticia6.jpg","type":"image\/jpeg"}],"author":"Adm_8m","twitter_card":"summary_large_image","twitter_misc":{"Written by":"Adm_8m","Estimated reading time":"2 minutes"},"schema":{"@context":"https:\/\/schema.org","@graph":[{"@type":"Article","@id":"https:\/\/www.voracys.com\/remodelacion-sala-plenos-ayuntamiento-sant-cugat\/#article","isPartOf":{"@id":"https:\/\/www.voracys.com\/remodelacion-sala-plenos-ayuntamiento-sant-cugat\/"},"author":{"name":"Adm_8m","@id":"https:\/\/www.voracys.com\/#\/schema\/person\/99d918a7877f0cb75287cbc631b85be3"},"headline":"Remodelaci\u00f3n de la Sala de Plenos del Ayuntamiento de Sant Cugat | VORACYS","datePublished":"2022-06-08T10:06:20+00:00","dateModified":"2026-04-07T09:35:47+00:00","mainEntityOfPage":{"@id":"https:\/\/www.voracys.com\/remodelacion-sala-plenos-ayuntamiento-sant-cugat\/"},"wordCount":383,"commentCount":0,"publisher":{"@id":"https:\/\/www.voracys.com\/#organization"},"image":{"@id":"https:\/\/www.voracys.com\/remodelacion-sala-plenos-ayuntamiento-sant-cugat\/#primaryimage"},"thumbnailUrl":"https:\/\/www.voracys.com\/wp-content\/uploads\/2022\/07\/noticia6.jpg","articleSection":["Noticias","Proyectos"],"inLanguage":"en-GB","potentialAction":[{"@type":"CommentAction","name":"Comment","target":["https:\/\/www.voracys.com\/remodelacion-sala-plenos-ayuntamiento-sant-cugat\/#respond"]}]},{"@type":"WebPage","@id":"https:\/\/www.voracys.com\/remodelacion-sala-plenos-ayuntamiento-sant-cugat\/","url":"https:\/\/www.voracys.com\/remodelacion-sala-plenos-ayuntamiento-sant-cugat\/","name":"Remodelaci\u00f3n de la Sala de Plenos de Sant Cugat | VORACYS | Empresa Constructora | Obra P\u00fablica y Privada","isPartOf":{"@id":"https:\/\/www.voracys.com\/#website"},"primaryImageOfPage":{"@id":"https:\/\/www.voracys.com\/remodelacion-sala-plenos-ayuntamiento-sant-cugat\/#primaryimage"},"image":{"@id":"https:\/\/www.voracys.com\/remodelacion-sala-plenos-ayuntamiento-sant-cugat\/#primaryimage"},"thumbnailUrl":"https:\/\/www.voracys.com\/wp-content\/uploads\/2022\/07\/noticia6.jpg","datePublished":"2022-06-08T10:06:20+00:00","dateModified":"2026-04-07T09:35:47+00:00","description":"Remodelaci\u00f3n de la Sala de Plenos del Ayuntamiento de Sant Cugat del Vall\u00e8s con ampliaci\u00f3n de espacios y enfoque sostenible.","breadcrumb":{"@id":"https:\/\/www.voracys.com\/remodelacion-sala-plenos-ayuntamiento-sant-cugat\/#breadcrumb"},"inLanguage":"en-GB","potentialAction":[{"@type":"ReadAction","target":["https:\/\/www.voracys.com\/remodelacion-sala-plenos-ayuntamiento-sant-cugat\/"]}]},{"@type":"ImageObject","inLanguage":"en-GB","@id":"https:\/\/www.voracys.com\/remodelacion-sala-plenos-ayuntamiento-sant-cugat\/#primaryimage","url":"https:\/\/www.voracys.com\/wp-content\/uploads\/2022\/07\/noticia6.jpg","contentUrl":"https:\/\/www.voracys.com\/wp-content\/uploads\/2022\/07\/noticia6.jpg","width":709,"height":479},{"@type":"BreadcrumbList","@id":"https:\/\/www.voracys.com\/remodelacion-sala-plenos-ayuntamiento-sant-cugat\/#breadcrumb","itemListElement":[{"@type":"ListItem","position":1,"name":"Portada","item":"https:\/\/www.voracys.com\/"},{"@type":"ListItem","position":2,"name":"Remodelaci\u00f3n de la Sala de Plenos del Ayuntamiento de Sant Cugat | VORACYS"}]},{"@type":"WebSite","@id":"https:\/\/www.voracys.com\/#website","url":"https:\/\/www.voracys.com\/","name":"VORACYS | Empresa Constructora | Obra P\u00fablica y Privada","description":"Construcciones y servicios","publisher":{"@id":"https:\/\/www.voracys.com\/#organization"},"alternateName":"VORACYS - Empresa Constructora","potentialAction":[{"@type":"SearchAction","target":{"@type":"EntryPoint","urlTemplate":"https:\/\/www.voracys.com\/?s={search_term_string}"},"query-input":{"@type":"PropertyValueSpecification","valueRequired":true,"valueName":"search_term_string"}}],"inLanguage":"en-GB"},{"@type":"Organization","@id":"https:\/\/www.voracys.com\/#organization","name":"VORACYS - Empresa Constructora","alternateName":"VORACYS - Empresa de Construcci\u00f3n de Viviendas, Residencias, Oficinas, Plurifamiliar,","url":"https:\/\/www.voracys.com\/","logo":{"@type":"ImageObject","inLanguage":"en-GB","@id":"https:\/\/www.voracys.com\/#\/schema\/logo\/image\/","url":"https:\/\/www.voracys.com\/wp-content\/uploads\/2022\/05\/Voracys_Logotipo.png","contentUrl":"https:\/\/www.voracys.com\/wp-content\/uploads\/2022\/05\/Voracys_Logotipo.png","width":547,"height":97,"caption":"VORACYS - Empresa Constructora"},"image":{"@id":"https:\/\/www.voracys.com\/#\/schema\/logo\/image\/"},"sameAs":["https:\/\/www.linkedin.com\/company\/voracys-construcciones-y-servicios\/","https:\/\/www.instagram.com\/voracys_s.l"]},{"@type":"Person","@id":"https:\/\/www.voracys.com\/#\/schema\/person\/99d918a7877f0cb75287cbc631b85be3","name":"Adm_8m","image":{"@type":"ImageObject","inLanguage":"en-GB","@id":"https:\/\/secure.gravatar.com\/avatar\/11fe57dffc21c6665605d33c13a7c86c23530566b9e170d11685ce005d7fc7c4?s=96&d=mm&r=g","url":"https:\/\/secure.gravatar.com\/avatar\/11fe57dffc21c6665605d33c13a7c86c23530566b9e170d11685ce005d7fc7c4?s=96&d=mm&r=g","contentUrl":"https:\/\/secure.gravatar.com\/avatar\/11fe57dffc21c6665605d33c13a7c86c23530566b9e170d11685ce005d7fc7c4?s=96&d=mm&r=g","caption":"Adm_8m"},"sameAs":["https:\/\/www.voracys.com"],"url":"https:\/\/www.voracys.com\/en\/author\/adm_8m\/"}]}},"_links":{"self":[{"href":"https:\/\/www.voracys.com\/en\/wp-json\/wp\/v2\/posts\/1412","targetHints":{"allow":["GET"]}}],"collection":[{"href":"https:\/\/www.voracys.com\/en\/wp-json\/wp\/v2\/posts"}],"about":[{"href":"https:\/\/www.voracys.com\/en\/wp-json\/wp\/v2\/types\/post"}],"author":[{"embeddable":true,"href":"https:\/\/www.voracys.com\/en\/wp-json\/wp\/v2\/users\/1"}],"replies":[{"embeddable":true,"href":"https:\/\/www.voracys.com\/en\/wp-json\/wp\/v2\/comments?post=1412"}],"version-history":[{"count":9,"href":"https:\/\/www.voracys.com\/en\/wp-json\/wp\/v2\/posts\/1412\/revisions"}],"predecessor-version":[{"id":5379,"href":"https:\/\/www.voracys.com\/en\/wp-json\/wp\/v2\/posts\/1412\/revisions\/5379"}],"wp:featuredmedia":[{"embeddable":true,"href":"https:\/\/www.voracys.com\/en\/wp-json\/wp\/v2\/media\/2066"}],"wp:attachment":[{"href":"https:\/\/www.voracys.com\/en\/wp-json\/wp\/v2\/media?parent=1412"}],"wp:term":[{"taxonomy":"category","embeddable":true,"href":"https:\/\/www.voracys.com\/en\/wp-json\/wp\/v2\/categories?post=1412"},{"taxonomy":"post_tag","embeddable":true,"href":"https:\/\/www.voracys.com\/en\/wp-json\/wp\/v2\/tags?post=1412"}],"curies":[{"name":"wp","href":"https:\/\/api.w.org\/{rel}","templated":true}]}}