{"id":2623,"date":"2022-07-26T02:29:50","date_gmt":"2022-07-26T02:29:50","guid":{"rendered":"https:\/\/www.voracys.com\/?p=2623"},"modified":"2023-10-18T02:21:03","modified_gmt":"2023-10-18T02:21:03","slug":"urbanizacion-del-espacio-situado-en-la-rambla-de-mossen-jacint-verdaguer-con-el-paso-de-lametller-en-valldoreix","status":"publish","type":"post","link":"https:\/\/www.voracys.com\/en\/urbanizacion-del-espacio-situado-en-la-rambla-de-mossen-jacint-verdaguer-con-el-paso-de-lametller-en-valldoreix\/","title":{"rendered":"Public space development in Valldoreix"},"content":{"rendered":"<div data-elementor-type=\"wp-post\" data-elementor-id=\"2623\" class=\"elementor elementor-2623\" data-elementor-post-type=\"post\">\n\t\t\t\t\t\t<section class=\"elementor-section elementor-top-section elementor-element elementor-element-26e083e6 elementor-section-boxed elementor-section-height-default elementor-section-height-default\" data-id=\"26e083e6\" data-element_type=\"section\" data-e-type=\"section\">\n\t\t\t\t\t\t<div class=\"elementor-container elementor-column-gap-default\">\n\t\t\t\t\t<div class=\"elementor-column elementor-col-100 elementor-top-column elementor-element elementor-element-20cf1d5d\" data-id=\"20cf1d5d\" data-element_type=\"column\" data-e-type=\"column\">\n\t\t\t<div class=\"elementor-widget-wrap elementor-element-populated\">\n\t\t\t\t\t\t<div class=\"elementor-element elementor-element-3cf3b05e elementor-widget elementor-widget-text-editor\" data-id=\"3cf3b05e\" data-element_type=\"widget\" data-e-type=\"widget\" data-widget_type=\"text-editor.default\">\n\t\t\t\t<div class=\"elementor-widget-container\">\n\t\t\t\t\t\t\t\t\t<p>New public space for rest areas, children's games, equipment for the elderly, and parking. The provision of pedestrian crossings in the area was also improved.<\/p>\n<p><\/p>\t\t\t\t\t\t\t\t<\/div>\n\t\t\t\t<\/div>\n\t\t\t\t\t<\/div>\n\t\t<\/div>\n\t\t\t\t\t<\/div>\n\t\t<\/section>\n\t\t\t\t<section class=\"elementor-section elementor-top-section elementor-element elementor-element-4bc1a05 elementor-section-boxed elementor-section-height-default elementor-section-height-default\" data-id=\"4bc1a05\" data-element_type=\"section\" data-e-type=\"section\">\n\t\t\t\t\t\t<div class=\"elementor-container elementor-column-gap-default\">\n\t\t\t\t\t<div class=\"elementor-column elementor-col-100 elementor-top-column elementor-element elementor-element-e506fcd\" data-id=\"e506fcd\" data-element_type=\"column\" data-e-type=\"column\">\n\t\t\t<div class=\"elementor-widget-wrap elementor-element-populated\">\n\t\t\t\t\t\t<div class=\"elementor-element elementor-element-92857e9 elementor-widget elementor-widget-heading\" data-id=\"92857e9\" data-element_type=\"widget\" data-e-type=\"widget\" data-widget_type=\"heading.default\">\n\t\t\t\t<div class=\"elementor-widget-container\">\n\t\t\t\t\t<h2 class=\"elementor-heading-title elementor-size-default\">Project gallery<\/h2>\t\t\t\t<\/div>\n\t\t\t\t<\/div>\n\t\t\t\t<div class=\"elementor-element elementor-element-874c037 elementor-widget elementor-widget-gallery\" data-id=\"874c037\" data-element_type=\"widget\" data-e-type=\"widget\" data-settings=\"{&quot;gallery_layout&quot;:&quot;masonry&quot;,&quot;columns&quot;:2,&quot;content_sequenced_animation&quot;:&quot;yes&quot;,&quot;lazyload&quot;:&quot;yes&quot;,&quot;columns_tablet&quot;:2,&quot;columns_mobile&quot;:1,&quot;gap&quot;:{&quot;unit&quot;:&quot;px&quot;,&quot;size&quot;:10,&quot;sizes&quot;:[]},&quot;gap_tablet&quot;:{&quot;unit&quot;:&quot;px&quot;,&quot;size&quot;:10,&quot;sizes&quot;:[]},&quot;gap_mobile&quot;:{&quot;unit&quot;:&quot;px&quot;,&quot;size&quot;:10,&quot;sizes&quot;:[]},&quot;link_to&quot;:&quot;file&quot;,&quot;overlay_background&quot;:&quot;yes&quot;,&quot;content_hover_animation&quot;:&quot;fade-in&quot;}\" data-widget_type=\"gallery.default\">\n\t\t\t\t<div class=\"elementor-widget-container\">\n\t\t\t\t\t\t\t<div class=\"elementor-gallery__container\">\n\t\t\t\t\t\t\t<a class=\"e-gallery-item elementor-gallery-item elementor-animated-content\" href=\"https:\/\/www.voracys.com\/wp-content\/uploads\/2022\/07\/0-1.jpg\" data-elementor-open-lightbox=\"yes\" data-elementor-lightbox-slideshow=\"874c037\" data-elementor-lightbox-title=\"0 (1)\" data-e-action-hash=\"#elementor-action%3Aaction%3Dlightbox%26settings%3DeyJpZCI6MjI2NywidXJsIjoiaHR0cHM6XC9cL3d3dy52b3JhY3lzLmNvbVwvd3AtY29udGVudFwvdXBsb2Fkc1wvMjAyMlwvMDdcLzAtMS5qcGciLCJzbGlkZXNob3ciOiI4NzRjMDM3In0%3D\">\n\t\t\t\t\t<div class=\"e-gallery-image elementor-gallery-item__image\" data-thumbnail=\"https:\/\/www.voracys.com\/wp-content\/uploads\/2022\/07\/0-1-768x512.jpg\" data-width=\"768\" data-height=\"512\" aria-label=\"\" role=\"img\" ><\/div>\n\t\t\t\t\t\t\t\t\t\t\t<div class=\"elementor-gallery-item__overlay\"><\/div>\n\t\t\t\t\t\t\t\t\t\t\t\t\t\t<\/a>\n\t\t\t\t\t\t\t<a class=\"e-gallery-item elementor-gallery-item elementor-animated-content\" href=\"https:\/\/www.voracys.com\/wp-content\/uploads\/2022\/07\/0.jpg\" data-elementor-open-lightbox=\"yes\" data-elementor-lightbox-slideshow=\"874c037\" data-e-action-hash=\"#elementor-action%3Aaction%3Dlightbox%26settings%3DeyJpZCI6MjI3MCwidXJsIjoiaHR0cHM6XC9cL3d3dy52b3JhY3lzLmNvbVwvd3AtY29udGVudFwvdXBsb2Fkc1wvMjAyMlwvMDdcLzAuanBnIiwic2xpZGVzaG93IjoiODc0YzAzNyJ9\">\n\t\t\t\t\t<div class=\"e-gallery-image elementor-gallery-item__image\" data-thumbnail=\"https:\/\/www.voracys.com\/wp-content\/uploads\/2022\/07\/0-768x512.jpg\" data-width=\"768\" data-height=\"512\" aria-label=\"\" role=\"img\" ><\/div>\n\t\t\t\t\t\t\t\t\t\t\t<div class=\"elementor-gallery-item__overlay\"><\/div>\n\t\t\t\t\t\t\t\t\t\t\t\t\t\t<\/a>\n\t\t\t\t\t\t\t<a class=\"e-gallery-item elementor-gallery-item elementor-animated-content\" href=\"https:\/\/www.voracys.com\/wp-content\/uploads\/2022\/07\/0-2.jpg\" data-elementor-open-lightbox=\"yes\" data-elementor-lightbox-slideshow=\"874c037\" data-elementor-lightbox-title=\"0 (2)\" data-e-action-hash=\"#elementor-action%3Aaction%3Dlightbox%26settings%3DeyJpZCI6MjI2OCwidXJsIjoiaHR0cHM6XC9cL3d3dy52b3JhY3lzLmNvbVwvd3AtY29udGVudFwvdXBsb2Fkc1wvMjAyMlwvMDdcLzAtMi5qcGciLCJzbGlkZXNob3ciOiI4NzRjMDM3In0%3D\">\n\t\t\t\t\t<div class=\"e-gallery-image elementor-gallery-item__image\" data-thumbnail=\"https:\/\/www.voracys.com\/wp-content\/uploads\/2022\/07\/0-2-768x512.jpg\" data-width=\"768\" data-height=\"512\" aria-label=\"\" role=\"img\" ><\/div>\n\t\t\t\t\t\t\t\t\t\t\t<div class=\"elementor-gallery-item__overlay\"><\/div>\n\t\t\t\t\t\t\t\t\t\t\t\t\t\t<\/a>\n\t\t\t\t\t\t\t<a class=\"e-gallery-item elementor-gallery-item elementor-animated-content\" href=\"https:\/\/www.voracys.com\/wp-content\/uploads\/2022\/07\/0-3.jpg\" data-elementor-open-lightbox=\"yes\" data-elementor-lightbox-slideshow=\"874c037\" data-elementor-lightbox-title=\"0 (3)\" data-e-action-hash=\"#elementor-action%3Aaction%3Dlightbox%26settings%3DeyJpZCI6MjI2OSwidXJsIjoiaHR0cHM6XC9cL3d3dy52b3JhY3lzLmNvbVwvd3AtY29udGVudFwvdXBsb2Fkc1wvMjAyMlwvMDdcLzAtMy5qcGciLCJzbGlkZXNob3ciOiI4NzRjMDM3In0%3D\">\n\t\t\t\t\t<div class=\"e-gallery-image elementor-gallery-item__image\" data-thumbnail=\"https:\/\/www.voracys.com\/wp-content\/uploads\/2022\/07\/0-3-768x512.jpg\" data-width=\"768\" data-height=\"512\" aria-label=\"\" role=\"img\" ><\/div>\n\t\t\t\t\t\t\t\t\t\t\t<div class=\"elementor-gallery-item__overlay\"><\/div>\n\t\t\t\t\t\t\t\t\t\t\t\t\t\t<\/a>\n\t\t\t\t\t<\/div>\n\t\t\t\t\t<\/div>\n\t\t\t\t<\/div>\n\t\t\t\t\t<\/div>\n\t\t<\/div>\n\t\t\t\t\t<\/div>\n\t\t<\/section>\n\t\t\t\t<\/div>","protected":false},"excerpt":{"rendered":"<p>Nuevo espacio p\u00fablico destinado a zonas de estancia y juegos infantiles, equipamiento para personas mayores, y aparcamiento. Tambi\u00e9n se aprovecha la actuaci\u00f3n para mejorar la dotaci\u00f3n de pasos de peatones de la zona. reviews Nuevo espacio p\u00fablico destinado a zonas de estancia y juegos infantiles, equipamiento para personas mayores, y aparcamiento. Tambi\u00e9n se aprovecha la actuaci\u00f3n para mejorar la dotaci\u00f3n de pasos de peatones de la zona. Nuevo espacio p\u00fablico destinado a zonas de estancia y juegos infantiles, equipamiento para personas mayores, y aparcamiento. Tambi\u00e9n se aprovecha la actuaci\u00f3n para mejorar la dotaci\u00f3n de pasos de peatones de la zona. Nuevo espacio p\u00fablico destinado a zonas de estancia y juegos infantiles, equipamiento para personas mayores, y aparcamiento. Tambi\u00e9n se aprovecha la actuaci\u00f3n para mejorar la dotaci\u00f3n de pasos de peatones de la zona. Nuevo espacio p\u00fablico destinado a zonas de estancia y juegos infantiles, equipamiento para personas mayores, y aparcamiento. Tambi\u00e9n se aprovecha la actuaci\u00f3n para mejorar la dotaci\u00f3n de pasos de peatones de la zona. Nuevo espacio p\u00fablico destinado a zonas de estancia y juegos infantiles, equipamiento para personas mayores, y aparcamiento. Tambi\u00e9n se aprovecha la actuaci\u00f3n para mejorar la dotaci\u00f3n de pasos de peatones de la zona. Nuevo espacio p\u00fablico destinado a zonas de estancia y juegos infantiles, equipamiento para personas mayores, y aparcamiento. Tambi\u00e9n se aprovecha la actuaci\u00f3n para mejorar la dotaci\u00f3n de pasos de peatones de la zona. Galer\u00eda del proyecto Galer\u00eda del proyecto Galer\u00eda del proyecto<\/p>","protected":false},"author":1,"featured_media":2268,"comment_status":"open","ping_status":"closed","sticky":false,"template":"","format":"standard","meta":{"footnotes":""},"categories":[17],"tags":[],"class_list":["post-2623","post","type-post","status-publish","format-standard","has-post-thumbnail","hentry","category-obra-civil"],"yoast_head":"<!-- This site is optimized with the Yoast SEO plugin v27.2 - https:\/\/yoast.com\/product\/yoast-seo-wordpress\/ -->\n<title>Urbanizaci\u00f3n de espacio p\u00fablico en Valldoreix - VORACYS | Empresa Constructora | Obra P\u00fablica y Privada<\/title>\n<meta name=\"robots\" content=\"index, follow, max-snippet:-1, max-image-preview:large, max-video-preview:-1\" \/>\n<link rel=\"canonical\" href=\"https:\/\/www.voracys.com\/en\/urbanizacion-del-espacio-situado-en-la-rambla-de-mossen-jacint-verdaguer-con-el-paso-de-lametller-en-valldoreix\/\" \/>\n<meta property=\"og:locale\" content=\"en_GB\" \/>\n<meta property=\"og:type\" content=\"article\" \/>\n<meta property=\"og:title\" content=\"Urbanizaci\u00f3n de espacio p\u00fablico en Valldoreix - VORACYS | Empresa Constructora | Obra P\u00fablica y Privada\" \/>\n<meta property=\"og:description\" content=\"Nuevo espacio p\u00fablico destinado a zonas de estancia y juegos infantiles, equipamiento para personas mayores, y aparcamiento. Tambi\u00e9n se aprovecha la actuaci\u00f3n para mejorar la dotaci\u00f3n de pasos de peatones de la zona. reviews Nuevo espacio p\u00fablico destinado a zonas de estancia y juegos infantiles, equipamiento para personas mayores, y aparcamiento. Tambi\u00e9n se aprovecha la actuaci\u00f3n para mejorar la dotaci\u00f3n de pasos de peatones de la zona. Nuevo espacio p\u00fablico destinado a zonas de estancia y juegos infantiles, equipamiento para personas mayores, y aparcamiento. Tambi\u00e9n se aprovecha la actuaci\u00f3n para mejorar la dotaci\u00f3n de pasos de peatones de la zona. Nuevo espacio p\u00fablico destinado a zonas de estancia y juegos infantiles, equipamiento para personas mayores, y aparcamiento. Tambi\u00e9n se aprovecha la actuaci\u00f3n para mejorar la dotaci\u00f3n de pasos de peatones de la zona. Nuevo espacio p\u00fablico destinado a zonas de estancia y juegos infantiles, equipamiento para personas mayores, y aparcamiento. Tambi\u00e9n se aprovecha la actuaci\u00f3n para mejorar la dotaci\u00f3n de pasos de peatones de la zona. Nuevo espacio p\u00fablico destinado a zonas de estancia y juegos infantiles, equipamiento para personas mayores, y aparcamiento. Tambi\u00e9n se aprovecha la actuaci\u00f3n para mejorar la dotaci\u00f3n de pasos de peatones de la zona. Nuevo espacio p\u00fablico destinado a zonas de estancia y juegos infantiles, equipamiento para personas mayores, y aparcamiento. Tambi\u00e9n se aprovecha la actuaci\u00f3n para mejorar la dotaci\u00f3n de pasos de peatones de la zona. Galer\u00eda del proyecto Galer\u00eda del proyecto Galer\u00eda del proyecto\" \/>\n<meta property=\"og:url\" content=\"https:\/\/www.voracys.com\/en\/urbanizacion-del-espacio-situado-en-la-rambla-de-mossen-jacint-verdaguer-con-el-paso-de-lametller-en-valldoreix\/\" \/>\n<meta property=\"og:site_name\" content=\"VORACYS | Empresa Constructora | Obra P\u00fablica y Privada\" \/>\n<meta property=\"article:published_time\" content=\"2022-07-26T02:29:50+00:00\" \/>\n<meta property=\"article:modified_time\" content=\"2023-10-18T02:21:03+00:00\" \/>\n<meta property=\"og:image\" content=\"https:\/\/www.voracys.com\/wp-content\/uploads\/2022\/07\/0-2.jpg\" \/>\n\t<meta property=\"og:image:width\" content=\"800\" \/>\n\t<meta property=\"og:image:height\" content=\"533\" \/>\n\t<meta property=\"og:image:type\" content=\"image\/jpeg\" \/>\n<meta name=\"author\" content=\"Adm_8m\" \/>\n<meta name=\"twitter:card\" content=\"summary_large_image\" \/>\n<meta name=\"twitter:label1\" content=\"Written by\" \/>\n\t<meta name=\"twitter:data1\" content=\"Adm_8m\" \/>\n\t<meta name=\"twitter:label2\" content=\"Estimated reading time\" \/>\n\t<meta name=\"twitter:data2\" content=\"1 minute\" \/>\n<script type=\"application\/ld+json\" class=\"yoast-schema-graph\">{\"@context\":\"https:\/\/schema.org\",\"@graph\":[{\"@type\":\"Article\",\"@id\":\"https:\/\/www.voracys.com\/urbanizacion-del-espacio-situado-en-la-rambla-de-mossen-jacint-verdaguer-con-el-paso-de-lametller-en-valldoreix\/#article\",\"isPartOf\":{\"@id\":\"https:\/\/www.voracys.com\/urbanizacion-del-espacio-situado-en-la-rambla-de-mossen-jacint-verdaguer-con-el-paso-de-lametller-en-valldoreix\/\"},\"author\":{\"name\":\"Adm_8m\",\"@id\":\"https:\/\/www.voracys.com\/#\/schema\/person\/99d918a7877f0cb75287cbc631b85be3\"},\"headline\":\"Urbanizaci\u00f3n de espacio p\u00fablico en Valldoreix\",\"datePublished\":\"2022-07-26T02:29:50+00:00\",\"dateModified\":\"2023-10-18T02:21:03+00:00\",\"mainEntityOfPage\":{\"@id\":\"https:\/\/www.voracys.com\/urbanizacion-del-espacio-situado-en-la-rambla-de-mossen-jacint-verdaguer-con-el-paso-de-lametller-en-valldoreix\/\"},\"wordCount\":280,\"commentCount\":0,\"publisher\":{\"@id\":\"https:\/\/www.voracys.com\/#organization\"},\"image\":{\"@id\":\"https:\/\/www.voracys.com\/urbanizacion-del-espacio-situado-en-la-rambla-de-mossen-jacint-verdaguer-con-el-paso-de-lametller-en-valldoreix\/#primaryimage\"},\"thumbnailUrl\":\"https:\/\/www.voracys.com\/wp-content\/uploads\/2022\/07\/0-2.jpg\",\"articleSection\":[\"Obra Civil\"],\"inLanguage\":\"en-GB\",\"potentialAction\":[{\"@type\":\"CommentAction\",\"name\":\"Comment\",\"target\":[\"https:\/\/www.voracys.com\/urbanizacion-del-espacio-situado-en-la-rambla-de-mossen-jacint-verdaguer-con-el-paso-de-lametller-en-valldoreix\/#respond\"]}]},{\"@type\":\"WebPage\",\"@id\":\"https:\/\/www.voracys.com\/urbanizacion-del-espacio-situado-en-la-rambla-de-mossen-jacint-verdaguer-con-el-paso-de-lametller-en-valldoreix\/\",\"url\":\"https:\/\/www.voracys.com\/urbanizacion-del-espacio-situado-en-la-rambla-de-mossen-jacint-verdaguer-con-el-paso-de-lametller-en-valldoreix\/\",\"name\":\"Urbanizaci\u00f3n de espacio p\u00fablico en Valldoreix - VORACYS | Empresa Constructora | Obra P\u00fablica y Privada\",\"isPartOf\":{\"@id\":\"https:\/\/www.voracys.com\/#website\"},\"primaryImageOfPage\":{\"@id\":\"https:\/\/www.voracys.com\/urbanizacion-del-espacio-situado-en-la-rambla-de-mossen-jacint-verdaguer-con-el-paso-de-lametller-en-valldoreix\/#primaryimage\"},\"image\":{\"@id\":\"https:\/\/www.voracys.com\/urbanizacion-del-espacio-situado-en-la-rambla-de-mossen-jacint-verdaguer-con-el-paso-de-lametller-en-valldoreix\/#primaryimage\"},\"thumbnailUrl\":\"https:\/\/www.voracys.com\/wp-content\/uploads\/2022\/07\/0-2.jpg\",\"datePublished\":\"2022-07-26T02:29:50+00:00\",\"dateModified\":\"2023-10-18T02:21:03+00:00\",\"breadcrumb\":{\"@id\":\"https:\/\/www.voracys.com\/urbanizacion-del-espacio-situado-en-la-rambla-de-mossen-jacint-verdaguer-con-el-paso-de-lametller-en-valldoreix\/#breadcrumb\"},\"inLanguage\":\"en-GB\",\"potentialAction\":[{\"@type\":\"ReadAction\",\"target\":[\"https:\/\/www.voracys.com\/urbanizacion-del-espacio-situado-en-la-rambla-de-mossen-jacint-verdaguer-con-el-paso-de-lametller-en-valldoreix\/\"]}]},{\"@type\":\"ImageObject\",\"inLanguage\":\"en-GB\",\"@id\":\"https:\/\/www.voracys.com\/urbanizacion-del-espacio-situado-en-la-rambla-de-mossen-jacint-verdaguer-con-el-paso-de-lametller-en-valldoreix\/#primaryimage\",\"url\":\"https:\/\/www.voracys.com\/wp-content\/uploads\/2022\/07\/0-2.jpg\",\"contentUrl\":\"https:\/\/www.voracys.com\/wp-content\/uploads\/2022\/07\/0-2.jpg\",\"width\":800,\"height\":533},{\"@type\":\"BreadcrumbList\",\"@id\":\"https:\/\/www.voracys.com\/urbanizacion-del-espacio-situado-en-la-rambla-de-mossen-jacint-verdaguer-con-el-paso-de-lametller-en-valldoreix\/#breadcrumb\",\"itemListElement\":[{\"@type\":\"ListItem\",\"position\":1,\"name\":\"Portada\",\"item\":\"https:\/\/www.voracys.com\/\"},{\"@type\":\"ListItem\",\"position\":2,\"name\":\"Urbanizaci\u00f3n de espacio p\u00fablico en Valldoreix\"}]},{\"@type\":\"WebSite\",\"@id\":\"https:\/\/www.voracys.com\/#website\",\"url\":\"https:\/\/www.voracys.com\/\",\"name\":\"VORACYS | Empresa Constructora | Obra P\u00fablica y Privada\",\"description\":\"Construcciones y servicios\",\"publisher\":{\"@id\":\"https:\/\/www.voracys.com\/#organization\"},\"alternateName\":\"VORACYS - Empresa Constructora\",\"potentialAction\":[{\"@type\":\"SearchAction\",\"target\":{\"@type\":\"EntryPoint\",\"urlTemplate\":\"https:\/\/www.voracys.com\/?s={search_term_string}\"},\"query-input\":{\"@type\":\"PropertyValueSpecification\",\"valueRequired\":true,\"valueName\":\"search_term_string\"}}],\"inLanguage\":\"en-GB\"},{\"@type\":\"Organization\",\"@id\":\"https:\/\/www.voracys.com\/#organization\",\"name\":\"VORACYS - Empresa Constructora\",\"alternateName\":\"VORACYS - Empresa de Construcci\u00f3n de Viviendas, Residencias, Oficinas, Plurifamiliar,\",\"url\":\"https:\/\/www.voracys.com\/\",\"logo\":{\"@type\":\"ImageObject\",\"inLanguage\":\"en-GB\",\"@id\":\"https:\/\/www.voracys.com\/#\/schema\/logo\/image\/\",\"url\":\"https:\/\/www.voracys.com\/wp-content\/uploads\/2022\/05\/Voracys_Logotipo.png\",\"contentUrl\":\"https:\/\/www.voracys.com\/wp-content\/uploads\/2022\/05\/Voracys_Logotipo.png\",\"width\":547,\"height\":97,\"caption\":\"VORACYS - Empresa Constructora\"},\"image\":{\"@id\":\"https:\/\/www.voracys.com\/#\/schema\/logo\/image\/\"},\"sameAs\":[\"https:\/\/www.linkedin.com\/company\/voracys-construcciones-y-servicios\/\",\"https:\/\/www.instagram.com\/voracys_s.l\"]},{\"@type\":\"Person\",\"@id\":\"https:\/\/www.voracys.com\/#\/schema\/person\/99d918a7877f0cb75287cbc631b85be3\",\"name\":\"Adm_8m\",\"image\":{\"@type\":\"ImageObject\",\"inLanguage\":\"en-GB\",\"@id\":\"https:\/\/secure.gravatar.com\/avatar\/11fe57dffc21c6665605d33c13a7c86c23530566b9e170d11685ce005d7fc7c4?s=96&d=mm&r=g\",\"url\":\"https:\/\/secure.gravatar.com\/avatar\/11fe57dffc21c6665605d33c13a7c86c23530566b9e170d11685ce005d7fc7c4?s=96&d=mm&r=g\",\"contentUrl\":\"https:\/\/secure.gravatar.com\/avatar\/11fe57dffc21c6665605d33c13a7c86c23530566b9e170d11685ce005d7fc7c4?s=96&d=mm&r=g\",\"caption\":\"Adm_8m\"},\"sameAs\":[\"https:\/\/www.voracys.com\"],\"url\":\"https:\/\/www.voracys.com\/en\/author\/adm_8m\/\"}]}<\/script>\n<!-- \/ Yoast SEO plugin. -->","yoast_head_json":{"title":"Urbanizaci\u00f3n de espacio p\u00fablico en Valldoreix - VORACYS | Empresa Constructora | Obra P\u00fablica y Privada","robots":{"index":"index","follow":"follow","max-snippet":"max-snippet:-1","max-image-preview":"max-image-preview:large","max-video-preview":"max-video-preview:-1"},"canonical":"https:\/\/www.voracys.com\/en\/urbanizacion-del-espacio-situado-en-la-rambla-de-mossen-jacint-verdaguer-con-el-paso-de-lametller-en-valldoreix\/","og_locale":"en_GB","og_type":"article","og_title":"Urbanizaci\u00f3n de espacio p\u00fablico en Valldoreix - VORACYS | Empresa Constructora | Obra P\u00fablica y Privada","og_description":"Nuevo espacio p\u00fablico destinado a zonas de estancia y juegos infantiles, equipamiento para personas mayores, y aparcamiento. Tambi\u00e9n se aprovecha la actuaci\u00f3n para mejorar la dotaci\u00f3n de pasos de peatones de la zona. reviews Nuevo espacio p\u00fablico destinado a zonas de estancia y juegos infantiles, equipamiento para personas mayores, y aparcamiento. Tambi\u00e9n se aprovecha la actuaci\u00f3n para mejorar la dotaci\u00f3n de pasos de peatones de la zona. Nuevo espacio p\u00fablico destinado a zonas de estancia y juegos infantiles, equipamiento para personas mayores, y aparcamiento. Tambi\u00e9n se aprovecha la actuaci\u00f3n para mejorar la dotaci\u00f3n de pasos de peatones de la zona. Nuevo espacio p\u00fablico destinado a zonas de estancia y juegos infantiles, equipamiento para personas mayores, y aparcamiento. Tambi\u00e9n se aprovecha la actuaci\u00f3n para mejorar la dotaci\u00f3n de pasos de peatones de la zona. Nuevo espacio p\u00fablico destinado a zonas de estancia y juegos infantiles, equipamiento para personas mayores, y aparcamiento. Tambi\u00e9n se aprovecha la actuaci\u00f3n para mejorar la dotaci\u00f3n de pasos de peatones de la zona. Nuevo espacio p\u00fablico destinado a zonas de estancia y juegos infantiles, equipamiento para personas mayores, y aparcamiento. Tambi\u00e9n se aprovecha la actuaci\u00f3n para mejorar la dotaci\u00f3n de pasos de peatones de la zona. Nuevo espacio p\u00fablico destinado a zonas de estancia y juegos infantiles, equipamiento para personas mayores, y aparcamiento. Tambi\u00e9n se aprovecha la actuaci\u00f3n para mejorar la dotaci\u00f3n de pasos de peatones de la zona. Galer\u00eda del proyecto Galer\u00eda del proyecto Galer\u00eda del proyecto","og_url":"https:\/\/www.voracys.com\/en\/urbanizacion-del-espacio-situado-en-la-rambla-de-mossen-jacint-verdaguer-con-el-paso-de-lametller-en-valldoreix\/","og_site_name":"VORACYS | Empresa Constructora | Obra P\u00fablica y Privada","article_published_time":"2022-07-26T02:29:50+00:00","article_modified_time":"2023-10-18T02:21:03+00:00","og_image":[{"width":800,"height":533,"url":"https:\/\/www.voracys.com\/wp-content\/uploads\/2022\/07\/0-2.jpg","type":"image\/jpeg"}],"author":"Adm_8m","twitter_card":"summary_large_image","twitter_misc":{"Written by":"Adm_8m","Estimated reading time":"1 minute"},"schema":{"@context":"https:\/\/schema.org","@graph":[{"@type":"Article","@id":"https:\/\/www.voracys.com\/urbanizacion-del-espacio-situado-en-la-rambla-de-mossen-jacint-verdaguer-con-el-paso-de-lametller-en-valldoreix\/#article","isPartOf":{"@id":"https:\/\/www.voracys.com\/urbanizacion-del-espacio-situado-en-la-rambla-de-mossen-jacint-verdaguer-con-el-paso-de-lametller-en-valldoreix\/"},"author":{"name":"Adm_8m","@id":"https:\/\/www.voracys.com\/#\/schema\/person\/99d918a7877f0cb75287cbc631b85be3"},"headline":"Urbanizaci\u00f3n de espacio p\u00fablico en Valldoreix","datePublished":"2022-07-26T02:29:50+00:00","dateModified":"2023-10-18T02:21:03+00:00","mainEntityOfPage":{"@id":"https:\/\/www.voracys.com\/urbanizacion-del-espacio-situado-en-la-rambla-de-mossen-jacint-verdaguer-con-el-paso-de-lametller-en-valldoreix\/"},"wordCount":280,"commentCount":0,"publisher":{"@id":"https:\/\/www.voracys.com\/#organization"},"image":{"@id":"https:\/\/www.voracys.com\/urbanizacion-del-espacio-situado-en-la-rambla-de-mossen-jacint-verdaguer-con-el-paso-de-lametller-en-valldoreix\/#primaryimage"},"thumbnailUrl":"https:\/\/www.voracys.com\/wp-content\/uploads\/2022\/07\/0-2.jpg","articleSection":["Obra Civil"],"inLanguage":"en-GB","potentialAction":[{"@type":"CommentAction","name":"Comment","target":["https:\/\/www.voracys.com\/urbanizacion-del-espacio-situado-en-la-rambla-de-mossen-jacint-verdaguer-con-el-paso-de-lametller-en-valldoreix\/#respond"]}]},{"@type":"WebPage","@id":"https:\/\/www.voracys.com\/urbanizacion-del-espacio-situado-en-la-rambla-de-mossen-jacint-verdaguer-con-el-paso-de-lametller-en-valldoreix\/","url":"https:\/\/www.voracys.com\/urbanizacion-del-espacio-situado-en-la-rambla-de-mossen-jacint-verdaguer-con-el-paso-de-lametller-en-valldoreix\/","name":"Urbanizaci\u00f3n de espacio p\u00fablico en Valldoreix - VORACYS | Empresa Constructora | Obra P\u00fablica y Privada","isPartOf":{"@id":"https:\/\/www.voracys.com\/#website"},"primaryImageOfPage":{"@id":"https:\/\/www.voracys.com\/urbanizacion-del-espacio-situado-en-la-rambla-de-mossen-jacint-verdaguer-con-el-paso-de-lametller-en-valldoreix\/#primaryimage"},"image":{"@id":"https:\/\/www.voracys.com\/urbanizacion-del-espacio-situado-en-la-rambla-de-mossen-jacint-verdaguer-con-el-paso-de-lametller-en-valldoreix\/#primaryimage"},"thumbnailUrl":"https:\/\/www.voracys.com\/wp-content\/uploads\/2022\/07\/0-2.jpg","datePublished":"2022-07-26T02:29:50+00:00","dateModified":"2023-10-18T02:21:03+00:00","breadcrumb":{"@id":"https:\/\/www.voracys.com\/urbanizacion-del-espacio-situado-en-la-rambla-de-mossen-jacint-verdaguer-con-el-paso-de-lametller-en-valldoreix\/#breadcrumb"},"inLanguage":"en-GB","potentialAction":[{"@type":"ReadAction","target":["https:\/\/www.voracys.com\/urbanizacion-del-espacio-situado-en-la-rambla-de-mossen-jacint-verdaguer-con-el-paso-de-lametller-en-valldoreix\/"]}]},{"@type":"ImageObject","inLanguage":"en-GB","@id":"https:\/\/www.voracys.com\/urbanizacion-del-espacio-situado-en-la-rambla-de-mossen-jacint-verdaguer-con-el-paso-de-lametller-en-valldoreix\/#primaryimage","url":"https:\/\/www.voracys.com\/wp-content\/uploads\/2022\/07\/0-2.jpg","contentUrl":"https:\/\/www.voracys.com\/wp-content\/uploads\/2022\/07\/0-2.jpg","width":800,"height":533},{"@type":"BreadcrumbList","@id":"https:\/\/www.voracys.com\/urbanizacion-del-espacio-situado-en-la-rambla-de-mossen-jacint-verdaguer-con-el-paso-de-lametller-en-valldoreix\/#breadcrumb","itemListElement":[{"@type":"ListItem","position":1,"name":"Portada","item":"https:\/\/www.voracys.com\/"},{"@type":"ListItem","position":2,"name":"Urbanizaci\u00f3n de espacio p\u00fablico en Valldoreix"}]},{"@type":"WebSite","@id":"https:\/\/www.voracys.com\/#website","url":"https:\/\/www.voracys.com\/","name":"VORACYS | Empresa Constructora | Obra P\u00fablica y Privada","description":"Construcciones y servicios","publisher":{"@id":"https:\/\/www.voracys.com\/#organization"},"alternateName":"VORACYS - Empresa Constructora","potentialAction":[{"@type":"SearchAction","target":{"@type":"EntryPoint","urlTemplate":"https:\/\/www.voracys.com\/?s={search_term_string}"},"query-input":{"@type":"PropertyValueSpecification","valueRequired":true,"valueName":"search_term_string"}}],"inLanguage":"en-GB"},{"@type":"Organization","@id":"https:\/\/www.voracys.com\/#organization","name":"VORACYS - Empresa Constructora","alternateName":"VORACYS - Empresa de Construcci\u00f3n de Viviendas, Residencias, Oficinas, Plurifamiliar,","url":"https:\/\/www.voracys.com\/","logo":{"@type":"ImageObject","inLanguage":"en-GB","@id":"https:\/\/www.voracys.com\/#\/schema\/logo\/image\/","url":"https:\/\/www.voracys.com\/wp-content\/uploads\/2022\/05\/Voracys_Logotipo.png","contentUrl":"https:\/\/www.voracys.com\/wp-content\/uploads\/2022\/05\/Voracys_Logotipo.png","width":547,"height":97,"caption":"VORACYS - Empresa Constructora"},"image":{"@id":"https:\/\/www.voracys.com\/#\/schema\/logo\/image\/"},"sameAs":["https:\/\/www.linkedin.com\/company\/voracys-construcciones-y-servicios\/","https:\/\/www.instagram.com\/voracys_s.l"]},{"@type":"Person","@id":"https:\/\/www.voracys.com\/#\/schema\/person\/99d918a7877f0cb75287cbc631b85be3","name":"Adm_8m","image":{"@type":"ImageObject","inLanguage":"en-GB","@id":"https:\/\/secure.gravatar.com\/avatar\/11fe57dffc21c6665605d33c13a7c86c23530566b9e170d11685ce005d7fc7c4?s=96&d=mm&r=g","url":"https:\/\/secure.gravatar.com\/avatar\/11fe57dffc21c6665605d33c13a7c86c23530566b9e170d11685ce005d7fc7c4?s=96&d=mm&r=g","contentUrl":"https:\/\/secure.gravatar.com\/avatar\/11fe57dffc21c6665605d33c13a7c86c23530566b9e170d11685ce005d7fc7c4?s=96&d=mm&r=g","caption":"Adm_8m"},"sameAs":["https:\/\/www.voracys.com"],"url":"https:\/\/www.voracys.com\/en\/author\/adm_8m\/"}]}},"_links":{"self":[{"href":"https:\/\/www.voracys.com\/en\/wp-json\/wp\/v2\/posts\/2623","targetHints":{"allow":["GET"]}}],"collection":[{"href":"https:\/\/www.voracys.com\/en\/wp-json\/wp\/v2\/posts"}],"about":[{"href":"https:\/\/www.voracys.com\/en\/wp-json\/wp\/v2\/types\/post"}],"author":[{"embeddable":true,"href":"https:\/\/www.voracys.com\/en\/wp-json\/wp\/v2\/users\/1"}],"replies":[{"embeddable":true,"href":"https:\/\/www.voracys.com\/en\/wp-json\/wp\/v2\/comments?post=2623"}],"version-history":[{"count":0,"href":"https:\/\/www.voracys.com\/en\/wp-json\/wp\/v2\/posts\/2623\/revisions"}],"wp:featuredmedia":[{"embeddable":true,"href":"https:\/\/www.voracys.com\/en\/wp-json\/wp\/v2\/media\/2268"}],"wp:attachment":[{"href":"https:\/\/www.voracys.com\/en\/wp-json\/wp\/v2\/media?parent=2623"}],"wp:term":[{"taxonomy":"category","embeddable":true,"href":"https:\/\/www.voracys.com\/en\/wp-json\/wp\/v2\/categories?post=2623"},{"taxonomy":"post_tag","embeddable":true,"href":"https:\/\/www.voracys.com\/en\/wp-json\/wp\/v2\/tags?post=2623"}],"curies":[{"name":"wp","href":"https:\/\/api.w.org\/{rel}","templated":true}]}}